[{"@context":"https:\/\/schema.org\/","@type":"Article","@id":"https:\/\/www.scj-cr.cz\/e-shop-s-nosenym-textilem\/#Article","mainEntityOfPage":"https:\/\/www.scj-cr.cz\/e-shop-s-nosenym-textilem\/","headline":"E-shop s no\u0161en\u00fdm textilem","name":"E-shop s no\u0161en\u00fdm textilem","description":"M\u00edt v\u011bci po n\u011bkom nen\u00ed nic neobvykl\u00e9ho. Pokud jsou dostate\u010dn\u011b zachoval\u00e9, tak m\u016f\u017eou dob\u0159e poslou\u017eit i d\u00e1l. A to se t\u00fdk\u00e1 i oble\u010den\u00ed. Nab\u00eddka no\u0161en\u00e9ho textilu od miminek a\u017e po star\u0161\u00ed \u0161kol\u00e1ky pot\u011b\u0161\u00ed v\u0161echny maminky, kter\u00e9 necht\u011bj\u00ed utr\u00e1cet zbyte\u010dn\u011b. V e-shopu, jen\u017e se na malou m\u00f3du z druh\u00e9 ruky specializuje, je k dost\u00e1n\u00ed naprosto v\u0161echno. [&hellip;]","datePublished":"2024-10-30","dateModified":"2024-10-30","author":{"@type":"Person","@id":"https:\/\/www.scj-cr.cz\/author\/#Person","name":"","url":"https:\/\/www.scj-cr.cz\/author\/","identifier":1,"image":{"@type":"ImageObject","@id":"https:\/\/secure.gravatar.com\/avatar\/56990d361a15c60249588fcd5c65556d1c39f993ac5e20b5abce42fd817b46e8?s=96&d=mm&r=g","url":"https:\/\/secure.gravatar.com\/avatar\/56990d361a15c60249588fcd5c65556d1c39f993ac5e20b5abce42fd817b46e8?s=96&d=mm&r=g","height":96,"width":96}},"publisher":{"@type":"Organization","name":"scj-cr.cz","logo":{"@type":"ImageObject","@id":"\/logo.png","url":"\/logo.png","width":600,"height":60}},"url":"https:\/\/www.scj-cr.cz\/e-shop-s-nosenym-textilem\/","wordCount":202,"articleBody":"M\u00edt v\u011bci po n\u011bkom nen\u00ed nic neobvykl\u00e9ho. Pokud jsou dostate\u010dn\u011b zachoval\u00e9, tak m\u016f\u017eou dob\u0159e poslou\u017eit i d\u00e1l. A to se t\u00fdk\u00e1 i oble\u010den\u00ed. Nab\u00eddka no\u0161en\u00e9ho textilu od miminek a\u017e po star\u0161\u00ed \u0161kol\u00e1ky pot\u011b\u0161\u00ed v\u0161echny maminky, kter\u00e9 necht\u011bj\u00ed utr\u00e1cet zbyte\u010dn\u011b. V e-shopu, jen\u017e se na malou m\u00f3du z druh\u00e9 ruky specializuje, je k dost\u00e1n\u00ed naprosto v\u0161echno. Vydejte se za dopln\u011bn\u00edm \u0161atn\u00edku sv\u00fdch ratolest\u00ed pr\u00e1v\u011b sem, a budete se ur\u010dit\u011b r\u00e1di vracet. V\u00fdb\u011brov\u00fd d\u011btsk\u00fd second hand to je \u0161pi\u010dkov\u00e1 kvalita a naprosto zachoval\u00e9 zna\u010dkov\u00e9 oble\u010den\u00ed.Bazar oble\u010den\u00ed vysok\u00e9 kvalityInternetov\u00fd d\u011btsk\u00fd second hand po\u017eadavk\u016fm maminek a pot\u0159eb\u00e1m jejich kluk\u016f a hol\u010di\u010dek dob\u0159e rozum\u00ed. Nab\u00edz\u00ed velmi zachoval\u00e9 oble\u010den\u00ed z druh\u00e9 ruky od velikost\u00ed vhodn\u00fdch pro miminka a\u017e po ty, kter\u00e9 nos\u00ed nejstar\u0161\u00ed \u0161kol\u00e1ci. Nab\u00eddka je zam\u011b\u0159ena na zna\u010dkov\u00e9 zbo\u017e\u00ed \u0161pi\u010dkov\u00e9 kvality. Ve\u0161ker\u00e9 oble\u010den\u00ed je zcela zachoval\u00e9 a naprosto m\u00f3dn\u00ed. Takov\u00e9 n\u00e1kupy dok\u00e1\u017eou v\u017edycky pot\u011b\u0161it.                                                                                                                                                                                                                                                                                                                                                                                        5\/5 - (3 votes)        "},{"@context":"https:\/\/schema.org\/","@type":"BreadcrumbList","itemListElement":[{"@type":"ListItem","position":1,"name":"E-shop s no\u0161en\u00fdm textilem","item":"https:\/\/www.scj-cr.cz\/e-shop-s-nosenym-textilem\/#breadcrumbitem"}]}]