[{"@context":"https:\/\/schema.org\/","@type":"Article","@id":"https:\/\/www.scj-cr.cz\/ridic-z-povolani\/#Article","mainEntityOfPage":"https:\/\/www.scj-cr.cz\/ridic-z-povolani\/","headline":"\u0158idi\u010d z povol\u00e1n\u00ed","name":"\u0158idi\u010d z povol\u00e1n\u00ed","description":"V dne\u0161n\u00ed dob\u011b by se \u010dlov\u011bk bez automobilu asi hodn\u011b t\u011b\u017eko obe\u0161el. J\u00e1 m\u00e1m r\u00e1da, kdy\u017e jsem pr\u00e1v\u011b si ud\u011blala \u0159idi\u010dsk\u00e9 opr\u00e1vn\u011bn\u00ed\u00a0ihned napoprv\u00e9. Ale pov\u00edm v\u00e1m, \u017ee jsem se hodn\u011b b\u00e1la. M\u011bla jsem opravdu velik\u00e9 obavy, \u017ee \u0159idi\u010dsk\u00e9 opr\u00e1vn\u011bn\u00ed v\u016fbec neud\u011bl\u00e1m. Kamar\u00e1dce jsem \u0159ekla, \u017ee jsem opravdu nerv\u00f3zn\u00ed a \u017ee v\u016fbec nev\u00edm, jestli zvl\u00e1dnu ud\u011blat [&hellip;]","datePublished":"2023-11-11","dateModified":"2023-11-11","author":{"@type":"Person","@id":"https:\/\/www.scj-cr.cz\/author\/#Person","name":"","url":"https:\/\/www.scj-cr.cz\/author\/","identifier":1,"image":{"@type":"ImageObject","@id":"https:\/\/secure.gravatar.com\/avatar\/56990d361a15c60249588fcd5c65556d1c39f993ac5e20b5abce42fd817b46e8?s=96&d=mm&r=g","url":"https:\/\/secure.gravatar.com\/avatar\/56990d361a15c60249588fcd5c65556d1c39f993ac5e20b5abce42fd817b46e8?s=96&d=mm&r=g","height":96,"width":96}},"publisher":{"@type":"Organization","name":"scj-cr.cz","logo":{"@type":"ImageObject","@id":"\/logo.png","url":"\/logo.png","width":600,"height":60}},"image":{"@type":"ImageObject","@id":"https:\/\/www.scj-cr.cz\/wp-content\/uploads\/dashboard-3510327_1280_10_4.jpg","url":"https:\/\/www.scj-cr.cz\/wp-content\/uploads\/dashboard-3510327_1280_10_4.jpg","height":0,"width":0},"url":"https:\/\/www.scj-cr.cz\/ridic-z-povolani\/","about":["Auto"],"wordCount":416,"articleBody":"V dne\u0161n\u00ed dob\u011b by se \u010dlov\u011bk bez automobilu asi hodn\u011b t\u011b\u017eko obe\u0161el. J\u00e1 m\u00e1m r\u00e1da, kdy\u017e jsem pr\u00e1v\u011b si ud\u011blala \u0159idi\u010dsk\u00e9 opr\u00e1vn\u011bn\u00ed\u00a0ihned napoprv\u00e9. Ale pov\u00edm v\u00e1m, \u017ee jsem se hodn\u011b b\u00e1la. M\u011bla jsem opravdu velik\u00e9 obavy, \u017ee \u0159idi\u010dsk\u00e9 opr\u00e1vn\u011bn\u00ed v\u016fbec neud\u011bl\u00e1m. Kamar\u00e1dce jsem \u0159ekla, \u017ee jsem opravdu nerv\u00f3zn\u00ed a \u017ee v\u016fbec nev\u00edm, jestli zvl\u00e1dnu ud\u011blat \u0159idi\u010dsk\u00e9 opr\u00e1vn\u011bn\u00ed, ani nev\u00edte, jak moc m\u011b moje kamar\u00e1dka uklid\u0148ovala. Moje kamar\u00e1dka m\u011b uklid\u0148ovala a utvrzovala m\u011b\u00a0v tom, \u017ee to nic nen\u00ed, i kdy\u017e moje kamar\u00e1dka mi pozd\u011bji \u0159ekla, \u017ee je to n\u00e1ro\u010dn\u00e9, tak ona \u0159\u00edkala, \u017ee m\u011b cht\u011bla jenom uklidnit. Mo\u017en\u00e1 se j\u00ed to tro\u0161ku poda\u0159ilo. Mo\u017en\u00e1 tak\u00e9 jsem tyto z\u00e1v\u011bre\u010dn\u00e9 zkou\u0161ky na automobil ud\u011blala dob\u0159e, proto\u017ee jsem sv\u00e9 kamar\u00e1dce v\u011b\u0159ila. Tohle je tak\u00e9 vlastn\u011b o psychice, kdy\u017e t\u0159eba si nebudete v\u011b\u0159it, tak to potom m\u016f\u017ee b\u00fdt opravdu hodn\u011b neblah\u00fd vliv na va\u0161i psychiku. A kdy\u017e budete m\u00edt po\u0161ramocenou psychiku, tak tak\u00e9 potom m\u016f\u017eete trp\u011bt stresem a podobn\u011b. A kdy\u017e budete trp\u011bt stresem, tak pochybuji, \u017ee byste ud\u011blali dokonale anebo odborn\u011b n\u011bjak\u00e9 zkou\u0161ky, jako nap\u0159\u00edklad zkou\u0161ky na \u0159idi\u010d\u00e1k. Proto\u017ee m\u00edt \u0159idi\u010dsk\u00e9 opr\u00e1vn\u011bn\u00ed je pro n\u011bkter\u00e9 lidi opravdu hodn\u011b d\u016fle\u017eit\u00e9, n\u011bkdo s\u00a0automobilem pracuje a tak\u00e9\u00a0n\u011bkdo s automobilem m\u016f\u017ee pracovat.\u00a0Samoz\u0159ejm\u011b,\u00a0kdy\u017e t\u0159eba rozv\u00e1\u017e\u00ed bal\u00edky anebo rozv\u00e1\u017e\u00ed n\u011bjak\u00fd materi\u00e1l. Nebo t\u0159eba jezd\u00ed do zahrani\u010d\u00ed s n\u011bjak\u00fdm materi\u00e1lem. Jak\u00e9 jsou lid\u00e9, kte\u0159\u00ed maj\u00ed \u0159idi\u010d\u00e1k a jsou \u0159idi\u010di z povol\u00e1n\u00ed.\u00a0\u0158idi\u010di z povol\u00e1n\u00ed jsou nap\u0159\u00edklad \u0159idi\u010di dod\u00e1vek nebo kamion\u016f, hlavn\u011b kamio\u0148\u00e1ci jezd\u00ed velice \u010dasto do zahrani\u010d\u00ed. A to jezd\u00ed kv\u016fli tomu, \u017ee tam p\u0159iv\u00e1\u017e\u00ed anebo odv\u00e1\u017e\u00ed zbo\u017e\u00ed. D\u011blaj\u00ed tam r\u016fzn\u00e9 vykl\u00e1dky a nakl\u00e1dky. J\u00e1 sama jsem u\u017e n\u011bkolikr\u00e1t taky jela kamionem. Sice jsem ho v\u016fbec ne\u0159\u00eddila, ale byla jsem jako z\u00e1vozn\u00edk. Proto\u017ee kamar\u00e1d jezdil kamionem a \u0159ekl, \u017ee m\u011b jednou\u00a0nebo dvakr\u00e1t tak\u00e9 vezme do sv\u00e9 pr\u00e1ce, kdy\u017e pojede do Rakouska vykl\u00e1dat zbo\u017e\u00ed.\u00a0                                                                                                                                                                                                                                                                                                                                                                                        4.6\/5 - (7 votes)        "},{"@context":"https:\/\/schema.org\/","@type":"BreadcrumbList","itemListElement":[{"@type":"ListItem","position":1,"name":"\u0158idi\u010d z povol\u00e1n\u00ed","item":"https:\/\/www.scj-cr.cz\/ridic-z-povolani\/#breadcrumbitem"}]}]